{"id":50,"date":"2009-02-14T15:19:42","date_gmt":"2009-02-14T15:19:42","guid":{"rendered":"https:\/\/www.suavesongo.com\/2009\/02\/14\/turismo-y-sespas-denuncian-campana-en-canada-contra-la-imagen-del-pais\/"},"modified":"2009-02-14T15:19:42","modified_gmt":"2009-02-14T15:19:42","slug":"turismo-y-sespas-denuncian-campana-en-canada-contra-la-imagen-del-pais","status":"publish","type":"post","link":"https:\/\/www.suavesongo.com\/?p=50","title":{"rendered":"Turismo y Sespas denuncian campa\u00f1a en Canad\u00e1 contra la imagen del pa\u00eds"},"content":{"rendered":"<p>HTML clipboard<\/p>\n<p><span class=\"subtitulo\"> Francisco Javier Garc\u00eda exigi\u00f3 a la farmac\u00e9utica GlaxoSmithKline retirar  publicidad que promueve la vacunaci\u00f3n contra la hepatitis antes de visitar RD<\/span> <a class=\"firma\" href=\"mailto:clave@clavedigital.com\"> Pamela Castillo\/Clave Digital<\/a> <\/p>\n<table border=\"0\" cellspacing=\"0\" cellpadding=\"0\" width=\"314\" style=\"float: right; margin-bottom: 6px; margin-left: 4px\" bgcolor=\"#f8f8f8\">\n<tbody>\n<tr>\n<td class=\"frame_f\" height=\"210\">     <img decoding=\"async\" loading=\"lazy\" src=\"http:\/\/editor.clavedigital.com\/ktmllite\/images\/uploads\/Articulos\/Personajes\/Francisco%20J.%20Garcia\/-Francisco-Javier-Garcia-39.jpg\" border=\"0\" width=\"314\" height=\"210\" \/><\/td>\n<\/tr>\n<tr>\n<td style=\"font-size: 10pt; color: #003366; font-family: Verdana\">     Francisco Javier Garc\u00eda.<\/td>\n<\/tr>\n<tr>\n<td align=\"right\" style=\"padding: 2px; font-weight: bold; font-size: 7pt; color: #666666; font-family: Verdana\">     Archivo\/Clave Digital.<\/td>\n<\/tr>\n<\/tbody>\n<\/table>\n<p>SANTO DOMINGO, Rep\u00fablica Dominicana.- Las Secretar\u00edas de Turismo y de Salud  P\u00fablica reclamaron a la farmac\u00e9utica multinacional farmac\u00e9utica GlaxoSmithKline  que retire de manera inmediata de los medios de comunicaci\u00f3n de Canad\u00e1 una  campa\u00f1a que aconseja a los turistas vacunarse contra la Hepatitis A y B antes de  visitar Rep\u00fablica Dominicana. <\/p>\n<p align=\"justify\">El titular de Turismo, Francisco Javier Garc\u00eda, denunci\u00f3 este  martes que esta empresa mantiene esta \u201ccampa\u00f1a negativa hacia la imagen del  destino tur\u00edstico de Rep\u00fablica Dominicana, como parte de acciones de marketing  para vender medicamentos que previenen enfermedades tropicales y que hasta el  momento no han puesto en riego a ning\u00fan visitante internacional\u201d.<\/p>\n<p align=\"justify\">Garc\u00eda inform\u00f3 que en d\u00edas pasados hab\u00eda solicitado a  GlaxoSmithkline, a trav\u00e9s de su director general en el pa\u00eds, Nelson Johnson, que  retirara de manera inmediata las campa\u00f1as que inclu\u00edan a Rep\u00fablica Dominicana, a  lo que la multinacional respondi\u00f3 que las modificaciones podr\u00edan verse a partir  del 1 de marzo de este a\u00f1o.<\/p>\n<p align=\"justify\">\u201cPara nosotros es pr\u00e1cticamente una burla que empezando el  mes de febrero esta empresa informe que el nombre de Rep\u00fablica Dominicana ser\u00e1  excluido de su campa\u00f1a a partir del primero de marzo, con lo cual causar\u00edan un  da\u00f1o irreparable a la imagen de destino tur\u00edstico seguro que constituye hoy la  Rep\u00fablica Dominicana\u201d, argument\u00f3 el funcionario.<\/p>\n<p align=\"justify\">Garc\u00eda y el secretario de Salud P\u00fablica, Bautista Rojas  G\u00f3mez, indicaron miembros de comunidad dominicana en Canad\u00e1 les han manifestado  su indignaci\u00f3n por la campa\u00f1a publicitaria de la compa\u00f1\u00eda farmac\u00e9utica.<\/p>\n<p align=\"justify\">\u201cPara nosotros la respuesta dada al pa\u00eds por GlaxoSmithkline  constituye una verdadera burla y un irrespeto, y ante tal situaci\u00f3n procederemos  en consecuencia, por todos los medios a nuestro alcance, a defender el buen  nombre ganado por la Rep\u00fablica Dominicana como un destino tur\u00edstico seguro\u201d,  expres\u00f3.<\/p>\n<p align=\"justify\">Seg\u00fan el secretario de Turismo, GlaxoSmithkline no tiene  ning\u00fan derecho a utilizar el nombre de Rep\u00fablica Dominicana, para expresarle al  turista canadiense que el pa\u00eds constituye un riesgo para vacacionar.<\/p>\n<p align=\"justify\">\u201cNo conocemos ning\u00fan precedente ni dentro ni fuera del pa\u00eds,  en que una empresa utilice el nombre y las im\u00e1genes\u00a0de una naci\u00f3n con el fin de  vender cualquier tipo de mercanc\u00eda, a sabiendas del da\u00f1o que esto puede  ocasionar a la imagen de esa naci\u00f3n\u201d, detall\u00f3.<\/p>\n<p align=\"justify\">Record\u00f3 que el 20 por ciento de los turistas que visitan  Rep\u00fablica Dominicana viene de Canad\u00e1.<\/p>\n<p><strong>Opini\u00f3n de Salud P\u00fablica<\/strong><\/p>\n<p align=\"justify\">Rojas G\u00f3mez argument\u00f3 que en lo que va de a\u00f1o en Rep\u00fablica  Dominicana no se han reportado alarmas epidemiol\u00f3gicas que atenten contra la  actividad tur\u00edstica, ya que las autoridades sanitarias mantienen un estricto  control de los casos de enfermedades tropicales. <\/p>\n<p align=\"justify\">Seg\u00fan Rojas G\u00f3mez, ese control obedece a las medidas de  car\u00e1cter preventivo que ha puesto en marcha en todo el pa\u00eds el Centro de Control  de Enfermedades Tropicales (CENCET) y la Direcci\u00f3n General de Epidemiolog\u00eda. <\/p>\n<p align=\"justify\">\u201cLos casos de Hepatitis V\u00edrica, del tipo B y la Malaria, son  m\u00ednimos y hasta finales de enero no se hab\u00eda reportado alarmas epidemiol\u00f3gicas  por incremento o sospechas de esa enfermedad, lo que no constituye una  emergencia de salud p\u00fablica de importancia internacional\u201d, detall\u00f3.<\/p>\n<p>&nbsp;<\/p>\n","protected":false},"excerpt":{"rendered":"<p>HTML clipboard Francisco Javier Garc\u00eda exigi\u00f3 a la farmac\u00e9utica GlaxoSmithKline retirar publicidad que promueve la vacunaci\u00f3n contra la hepatitis antes de visitar RD Pamela Castillo\/Clave Digital Francisco Javier Garc\u00eda. Archivo\/Clave Digital. SANTO DOMINGO, Rep\u00fablica Dominicana.- Las Secretar\u00edas de Turismo y &hellip; <a href=\"https:\/\/www.suavesongo.com\/?p=50\">Sigue leyendo <span class=\"meta-nav\">&rarr;<\/span><\/a><\/p>\n","protected":false},"author":1,"featured_media":0,"comment_status":"open","ping_status":"open","sticky":false,"template":"","format":"standard","meta":[],"categories":[22],"tags":[],"_links":{"self":[{"href":"https:\/\/www.suavesongo.com\/index.php?rest_route=\/wp\/v2\/posts\/50"}],"collection":[{"href":"https:\/\/www.suavesongo.com\/index.php?rest_route=\/wp\/v2\/posts"}],"about":[{"href":"https:\/\/www.suavesongo.com\/index.php?rest_route=\/wp\/v2\/types\/post"}],"author":[{"embeddable":true,"href":"https:\/\/www.suavesongo.com\/index.php?rest_route=\/wp\/v2\/users\/1"}],"replies":[{"embeddable":true,"href":"https:\/\/www.suavesongo.com\/index.php?rest_route=%2Fwp%2Fv2%2Fcomments&post=50"}],"version-history":[{"count":0,"href":"https:\/\/www.suavesongo.com\/index.php?rest_route=\/wp\/v2\/posts\/50\/revisions"}],"wp:attachment":[{"href":"https:\/\/www.suavesongo.com\/index.php?rest_route=%2Fwp%2Fv2%2Fmedia&parent=50"}],"wp:term":[{"taxonomy":"category","embeddable":true,"href":"https:\/\/www.suavesongo.com\/index.php?rest_route=%2Fwp%2Fv2%2Fcategories&post=50"},{"taxonomy":"post_tag","embeddable":true,"href":"https:\/\/www.suavesongo.com\/index.php?rest_route=%2Fwp%2Fv2%2Ftags&post=50"}],"curies":[{"name":"wp","href":"https:\/\/api.w.org\/{rel}","templated":true}]}}