{"id":63,"date":"2009-04-26T11:06:57","date_gmt":"2009-04-26T11:06:57","guid":{"rendered":"https:\/\/www.suavesongo.com\/2009\/04\/26\/eugenia-silva-en-pie-de-guerra\/"},"modified":"2009-04-26T11:06:57","modified_gmt":"2009-04-26T11:06:57","slug":"eugenia-silva-en-pie-de-guerra","status":"publish","type":"post","link":"https:\/\/www.suavesongo.com\/?p=63","title":{"rendered":"Eugenia Silva, en pie de guerra"},"content":{"rendered":"<p id=\"ynw-article-part2\">Ha llegado la pol\u00e9mica. Eugenia Silva, una de las modelos espa\u00f1olas m\u00e1s cotizadas, planea tomar acciones legales con la revista Vanity Fair. En la portada de la publicaci\u00f3n, que ya est\u00e1 a la venta, la maniqu\u00ed posa desnuda junto a Nieves \u00c1lvarez. Las dos est\u00e1n abrazadas a Andr\u00e9s Velencoso, quien aparece vestido.<\/p>\n<p id=\"ynw-article-part2\">\u00a0<img decoding=\"async\" loading=\"lazy\" class=\" alignleft size-full wp-image-62\" src=\"https:\/\/www.suavesongo.com\/wp-content\/uploads\/2009\/04\/eugenia-silva-pie-guerra.jpg\" border=\"0\" width=\"270\" height=\"354\" align=\"left\" srcset=\"https:\/\/www.suavesongo.com\/wp-content\/uploads\/2009\/04\/eugenia-silva-pie-guerra.jpg 263w, https:\/\/www.suavesongo.com\/wp-content\/uploads\/2009\/04\/eugenia-silva-pie-guerra-229x300.jpg 229w\" sizes=\"(max-width: 270px) 100vw, 270px\" \/><\/p>\n<p>Se trata, sin lugar a dudas, de una instant\u00e1nea espectacular realizada por el fot\u00f3grafo Norman Jean Roy, quien se ha inspirado en otra portada de la versi\u00f3n norteamericana de esta revista en la que aparec\u00edan Tom Ford con Scarlett Johannsson y Keira Knightley.<\/p>\n<p>Muchos se preguntar\u00e1n por qu\u00e9 lo ha hecho y ahora pone el grito en el cielo. Pues bien, seg\u00fan Silva, la fotograf\u00eda incumple las cl\u00e1usulas del contrato que se firm\u00f3 antes de la realizaci\u00f3n.<\/p>\n<p>Tal es el enfado que tiene la modelo que ha emitido un comunicado a los medios de comunicaci\u00f3n que dice lo siguiente: \u00abLa selecci\u00f3n de esa toma de imagen como fotograf\u00eda de portada no se corresponde con lo convenido entre los responsables de la revista y Eugenia Silva, quien ha expresado su profundo malestar y desaprueba la publicaci\u00f3n de la fotograf\u00eda. La entidad responsable de la revista y su directora ya han sido requeridas formalmente para que dicha fotograf\u00eda no sea publicada por lo que su difusi\u00f3n en cualquier medio atentar\u00eda contra el derecho al honor, intimidad e imagen de Eugenia Silva\u00bb.<\/p>\n<p>Juan Carlos Tubilla, de la agencia View que representa a Silva, aclara que la modelo nunca pens\u00f3 que la portada iba a ser tan expl\u00edcita: \u00abDurante la sesi\u00f3n pidi\u00f3 ver una prueba de polaroid y en ning\u00fan momento aparec\u00eda el culo como en esta portada. Tambi\u00e9n cre\u00eda que iban a difuminar el pez\u00f3n\u00bb, asegura al peri\u00f3dico ABC.<\/p>\n<p>Eugenia tambi\u00e9n pidi\u00f3 ver la portada que iba a ser publicada, pero la revista le explic\u00f3 que el fot\u00f3grafo no habit\u00faa a mostrar su trabajo. Eso s\u00ed, le aseguraron que se tratar\u00eda de una foto sutil y elegante, y para nada vulgar.<\/p>\n<p>ABC tambi\u00e9n ha hablado con Lourdes Garz\u00f3n, directora de Vanity Fair en Espa\u00f1a, quien asegura estar sorprendida por la reacci\u00f3n de la modelo. Garz\u00f3n aclara que hab\u00edan pactado una portada en la que posar\u00eda desnuda y que no se han saltado ning\u00fan acuerdo previo ya que no hab\u00eda. \u00abEugenia es una modelo profesional que sabe c\u00f3mo funciona todo y no entiendo que se ponga as\u00ed\u00bb, argumenta.<\/p>\n<p>\u00bfY qu\u00e9 opinan los otros protagonistas de la foto? Nieves \u00c1lvarez piensa todo lo contrario que su compa\u00f1era y est\u00e1 encantada con el resultado. La modelo asegura que es una foto profesional y que son muchas las modelos y actrices que han posado de esa manera. Eso s\u00ed, explica que tampoco pensaba que se iba a ver tanto, aunque, como dice, nadie le oblig\u00f3 a hacerlo.<\/p>\n<p>Por el momento, Velencoso no se ha pronunciado. Suponemos que est\u00e1 disfrutando de su apasionado romance con Kylie Minogue.<\/p>\n<p>Lo que est\u00e1 claro es que la guerra ha comenzado entre una de las modelos m\u00e1s reconocidas del mundo y una de las revistas m\u00e1s prestigiosas. <\/p>\n<p><em>Fuentes: http:\/\/es.noticias.yahoo.com<\/em><\/p>\n","protected":false},"excerpt":{"rendered":"<p>Ha llegado la pol\u00e9mica. Eugenia Silva, una de las modelos espa\u00f1olas m\u00e1s cotizadas, planea tomar acciones legales con la revista Vanity Fair. En la portada de la publicaci\u00f3n, que ya est\u00e1 a la venta, la maniqu\u00ed posa desnuda junto a &hellip; <a href=\"https:\/\/www.suavesongo.com\/?p=63\">Sigue leyendo <span class=\"meta-nav\">&rarr;<\/span><\/a><\/p>\n","protected":false},"author":1,"featured_media":62,"comment_status":"open","ping_status":"open","sticky":false,"template":"","format":"standard","meta":[],"categories":[22],"tags":[],"_links":{"self":[{"href":"https:\/\/www.suavesongo.com\/index.php?rest_route=\/wp\/v2\/posts\/63"}],"collection":[{"href":"https:\/\/www.suavesongo.com\/index.php?rest_route=\/wp\/v2\/posts"}],"about":[{"href":"https:\/\/www.suavesongo.com\/index.php?rest_route=\/wp\/v2\/types\/post"}],"author":[{"embeddable":true,"href":"https:\/\/www.suavesongo.com\/index.php?rest_route=\/wp\/v2\/users\/1"}],"replies":[{"embeddable":true,"href":"https:\/\/www.suavesongo.com\/index.php?rest_route=%2Fwp%2Fv2%2Fcomments&post=63"}],"version-history":[{"count":0,"href":"https:\/\/www.suavesongo.com\/index.php?rest_route=\/wp\/v2\/posts\/63\/revisions"}],"wp:featuredmedia":[{"embeddable":true,"href":"https:\/\/www.suavesongo.com\/index.php?rest_route=\/wp\/v2\/media\/62"}],"wp:attachment":[{"href":"https:\/\/www.suavesongo.com\/index.php?rest_route=%2Fwp%2Fv2%2Fmedia&parent=63"}],"wp:term":[{"taxonomy":"category","embeddable":true,"href":"https:\/\/www.suavesongo.com\/index.php?rest_route=%2Fwp%2Fv2%2Fcategories&post=63"},{"taxonomy":"post_tag","embeddable":true,"href":"https:\/\/www.suavesongo.com\/index.php?rest_route=%2Fwp%2Fv2%2Ftags&post=63"}],"curies":[{"name":"wp","href":"https:\/\/api.w.org\/{rel}","templated":true}]}}